{"id":3472,"date":"2017-01-03T10:24:49","date_gmt":"2017-01-03T08:24:49","guid":{"rendered":"http:\/\/www.gizgraphics.ch\/?p=3472"},"modified":"2017-06-19T10:51:36","modified_gmt":"2017-06-19T08:51:36","slug":"gewinn-der-ausschreibung-um-die-fasnachtsplakette-2017","status":"publish","type":"post","link":"https:\/\/www.gizgraphics.ch\/?p=3472","title":{"rendered":"Gewinn der Ausschreibung um die Fasnachtsplakette 2017"},"content":{"rendered":"<div class=\"wpb-content-wrapper\"><p>[vc_row][vc_column][vc_column_text]Erneuter Gewinn des Plakettenwettbewerbes<\/p>\n<p>Videos und Berichte:<\/p>\n<ul>\n<li><a href=\"https:\/\/www.srf.ch\/news\/regional\/basel-baselland\/basler-fasnachts-plakette-spraengt-dr-raame\" target=\"_blank\" rel=\"noopener noreferrer\">SRF<\/a><\/li>\n<li><a href=\"https:\/\/telebasel.ch\/2016\/12\/28\/fasnachtsmotto-2017-spielt-auf-kunstmuseum-neubau\/\" target=\"_blank\" rel=\"noopener noreferrer\">Telebasel: Interview 28.12.2016<\/a><\/li>\n<li><a title=\"Radio Basilisk\" href=\"http:\/\/www.basilisk.ch\/news\/2016\/dezember\/blaggedde-2017.html\" target=\"_blank\" rel=\"noopener noreferrer\">Radio Basilisk: Diverse Berichte 28.12.2016<\/a><\/li>\n<li><a href=\"https:\/\/www.radiox.ch\/tag\/guido-happle\/\">Bericht Radio X<\/a><\/li>\n<\/ul>\n<p>Pressestimmen:<\/p>\n<ul>\n<li><a href=\"http:\/\/www.gizgraphics.ch\/wp-content\/uploads\/MM-Plakette-2017_281216.pdf\" target=\"_blank\" rel=\"noopener noreferrer\">Offizielle Medienmitteilung Fasnachtscomit\u00e9<\/a><\/li>\n<li><a title=\"Fasnachtscomit\u00e9\" href=\"http:\/\/www.fasnachts-comite.ch\/de\/plakette-2016-2406.html\" target=\"_blank\" rel=\"noopener noreferrer\">Fasnachtscomit\u00e9<\/a><\/li>\n<li><a href=\"http:\/\/bazonline.ch\/basel\/die-basler-fasnacht\/die-fasnacht-sprengt-den-rahmen\/story\/25681061?dossier-id=559\">Basler Zeitung<\/a><\/li>\n<li><a href=\"https:\/\/www.blick.ch\/people-tv\/fasnacht-basler-fasnachtsmotto-2017-spielt-auf-kunstmuseum-neubau-an-id5959870.html\">Blick<\/a><\/li>\n<li><a href=\"https:\/\/barfi.ch\/News-Basel\/Blaggede-2017-Mer-spraenge-dr-Raame-Pfyffer-Tamboure-und-Junteressli\">Barfi.ch<\/a><\/li>\n<li><a href=\"http:\/\/www.badische-zeitung.de\/basel\/eine-hommage-an-die-kunst--131859270.html\">Badische Zeitung<\/a><\/li>\n<li><a href=\"http:\/\/www.tageswoche.ch\/de\/2016_53\/basel\/738588\/\">Tageswoche<\/a><\/li>\n<li><a href=\"http:\/\/www.20min.ch\/schweiz\/basel\/story\/10898826\">20min (inkl Video)<\/a><\/li>\n<li><\/li>\n<\/ul>\n<p>[\/vc_column_text][\/vc_column][\/vc_row][vc_row full_width=&#8220;stretch_row&#8220;][vc_column]<div class=\"vntd-carousel-holder news\"><div class=\"vntd-carousel vntd-blog-carousel blog-slider t-left box-carousel four-items vntd-blog\" data-autoplay=\"true\">\n\t\t<div class=\"item box\">\n\t\t\t\n\t\t\t<div class=\"image\"><a href=\"https:\/\/www.gizgraphics.ch\/?p=4140\"><img decoding=\"async\" src=\"https:\/\/www.gizgraphics.ch\/wp-content\/uploads\/STH2301-Waggis5-800px-460x276.png\" alt=\"blog_image\" \/><\/a><\/div>\n\t\t\t<!-- Post Details -->\n\t\t\t<div class=\"details extra-light\">\n\t\t\t\t<!-- Header -->\n\t\t\t\t<h3 class=\"no-padding\"><a href=\"https:\/\/www.gizgraphics.ch\/?p=4140\">fasnachtsfaenschter.ch<\/a><\/h3>\n\t\t\t\t<!-- Post Details -->\n\t\t\t\t<p class=\"post-details\">\n\t\t\t\t\t<i class=\"fa fa-clock-o\"><\/i>\n\t\t\t\t\ton 05 Dez., 2023\t\t\t\t\t\t\t\t\t\t<i class=\"fa fa-user\"><\/i>\n\t\t\t\t\tPosted By <span class=\"colored\">guido happle<\/span>\n\t\t\t\t\t\t\t\t\t<\/p>\n\t\t\t\t<!-- Post Message -->\n\t\t\t\t<p class=\"post_message\"><p>[vc_row][vc_column][vc_column_text] Die brandneue Fasnachtsfaenschter-Kollektion 2024 ist endlich da! Von GiZ entworfene sieben witzige Waggis f\u00fcr eine herrliche fasn\u00e4chtliche Fensterdekoration. Bestellen Sie jetzt die neuen Figuren online auf fasnachtsfaenschter.ch und erg\u00e4nzen Sie Ihre...<\/p><\/p>\n\t\t\t\t<!-- Red More Button -->\n\t\t\t\t<a href=\"https:\/\/www.gizgraphics.ch\/?p=4140\" class=\"post_read_more_button ex-link uppercase\">Read More<\/a>\n\t\t\t<\/div>\n\t\t\t<!-- End Post Details -->\n\t\t<\/div>\t\n\t\t\t\t\t\t\t\n\t\t\n\t\t<div class=\"item box\">\n\t\t\t\n\t\t\t<div class=\"image\"><a href=\"https:\/\/www.gizgraphics.ch\/?p=4123\"><img decoding=\"async\" src=\"https:\/\/www.gizgraphics.ch\/wp-content\/uploads\/GiZ2023-460x276.png\" alt=\"blog_image\" \/><\/a><\/div>\n\t\t\t<!-- Post Details -->\n\t\t\t<div class=\"details extra-light\">\n\t\t\t\t<!-- Header -->\n\t\t\t\t<h3 class=\"no-padding\"><a href=\"https:\/\/www.gizgraphics.ch\/?p=4123\">GiZ.ch im neuen Outfit<\/a><\/h3>\n\t\t\t\t<!-- Post Details -->\n\t\t\t\t<p class=\"post-details\">\n\t\t\t\t\t<i class=\"fa fa-clock-o\"><\/i>\n\t\t\t\t\ton 08 Nov., 2023\t\t\t\t\t\t\t\t\t\t<i class=\"fa fa-user\"><\/i>\n\t\t\t\t\tPosted By <span class=\"colored\">guido happle<\/span>\n\t\t\t\t\t\t\t\t\t<\/p>\n\t\t\t\t<!-- Post Message -->\n\t\t\t\t<p class=\"post_message\"><p>[vc_row][vc_column][vc_column_text] GiZ.ch erstrahlt in neuem Glanz. Nach \u00fcber 10 Jahren pr\u00e4sentiert sich die Homepage nun in einem frischen und modernen Design. Momentan ist die Seite nur auf Englisch verf\u00fcgbar. [\/vc_column_text][\/vc_column][\/vc_row][vc_row full_width=&#8220;stretch_row&#8220;][vc_column][\/vc_column][\/vc_row][vc_row][vc_column][\/vc_column][\/vc_row]<\/p><\/p>\n\t\t\t\t<!-- Red More Button -->\n\t\t\t\t<a href=\"https:\/\/www.gizgraphics.ch\/?p=4123\" class=\"post_read_more_button ex-link uppercase\">Read More<\/a>\n\t\t\t<\/div>\n\t\t\t<!-- End Post Details -->\n\t\t<\/div>\t\n\t\t\t\t\t\t\t\n\t\t\n\t\t<div class=\"item box\">\n\t\t\t\n\t\t\t<div class=\"image\"><a href=\"https:\/\/www.gizgraphics.ch\/?p=4067\"><img decoding=\"async\" src=\"https:\/\/www.gizgraphics.ch\/wp-content\/uploads\/Peterskirchplatz-460x276.png\" alt=\"blog_image\" \/><\/a><\/div>\n\t\t\t<!-- Post Details -->\n\t\t\t<div class=\"details extra-light\">\n\t\t\t\t<!-- Header -->\n\t\t\t\t<h3 class=\"no-padding\"><a href=\"https:\/\/www.gizgraphics.ch\/?p=4067\">Flohmi-Egge ist wieder offen<\/a><\/h3>\n\t\t\t\t<!-- Post Details -->\n\t\t\t\t<p class=\"post-details\">\n\t\t\t\t\t<i class=\"fa fa-clock-o\"><\/i>\n\t\t\t\t\ton 02 Apr., 2023\t\t\t\t\t\t\t\t\t\t<i class=\"fa fa-user\"><\/i>\n\t\t\t\t\tPosted By <span class=\"colored\">guido happle<\/span>\n\t\t\t\t\t\t\t\t\t<\/p>\n\t\t\t\t<!-- Post Message -->\n\t\t\t\t<p class=\"post_message\"><p>[vc_row][vc_column][vc_column_text] Die Winterpause ist vorbei und der Flohmi-Egge wird bei warmen Wetter nach den Ostern wieder regelm\u00e4ssiger offen sein. Neben Barzahlung ist eine Bezahlung mit Kreditkarte, Apple Pay und Google Pay m\u00f6glich....<\/p><\/p>\n\t\t\t\t<!-- Red More Button -->\n\t\t\t\t<a href=\"https:\/\/www.gizgraphics.ch\/?p=4067\" class=\"post_read_more_button ex-link uppercase\">Read More<\/a>\n\t\t\t<\/div>\n\t\t\t<!-- End Post Details -->\n\t\t<\/div>\t\n\t\t\t\t\t\t\t\n\t\t\n\t\t<div class=\"item box\">\n\t\t\t\n\t\t\t<div class=\"image\"><a href=\"https:\/\/www.gizgraphics.ch\/?p=4062\"><img decoding=\"async\" src=\"https:\/\/www.gizgraphics.ch\/wp-content\/uploads\/xmas1-460x276.png\" alt=\"blog_image\" \/><\/a><\/div>\n\t\t\t<!-- Post Details -->\n\t\t\t<div class=\"details extra-light\">\n\t\t\t\t<!-- Header -->\n\t\t\t\t<h3 class=\"no-padding\"><a href=\"https:\/\/www.gizgraphics.ch\/?p=4062\">Frohe Festtage!<\/a><\/h3>\n\t\t\t\t<!-- Post Details -->\n\t\t\t\t<p class=\"post-details\">\n\t\t\t\t\t<i class=\"fa fa-clock-o\"><\/i>\n\t\t\t\t\ton 03 Dez., 2022\t\t\t\t\t\t\t\t\t\t<i class=\"fa fa-user\"><\/i>\n\t\t\t\t\tPosted By <span class=\"colored\">guido happle<\/span>\n\t\t\t\t\t\t\t\t\t<\/p>\n\t\t\t\t<!-- Post Message -->\n\t\t\t\t<p class=\"post_message\"><p>[vc_row][vc_column][vc_column_text] GiZGRAPHICS nimmt zum zweiten Mal am Basler Krippenweg teil. Seit 6 Jahren beteiligen sich j\u00e4hrlich um die 40 Gesch\u00e4fte und dekorieren mit viel Fantasie und Liebe ihre Advents-Schaufenster. Auch in diesem...<\/p><\/p>\n\t\t\t\t<!-- Red More Button -->\n\t\t\t\t<a href=\"https:\/\/www.gizgraphics.ch\/?p=4062\" class=\"post_read_more_button ex-link uppercase\">Read More<\/a>\n\t\t\t<\/div>\n\t\t\t<!-- End Post Details -->\n\t\t<\/div>\t\n\t\t\t\t\t\t\t\n\t\t<\/div><\/div>[\/vc_column][\/vc_row]<\/p>\n<\/div>","protected":false},"excerpt":{"rendered":"<p>[vc_row][vc_column][vc_column_text]Erneuter Gewinn des Plakettenwettbewerbes Videos und Berichte: SRF Telebasel: Interview 28.12.2016 Radio Basilisk: Diverse Berichte 28.12.2016 Bericht Radio X Pressestimmen: Offizielle Medienmitteilung Fasnachtscomit\u00e9 Fasnachtscomit\u00e9 Basler Zeitung Blick Barfi.ch Badische Zeitung Tageswoche 20min (inkl Video) [\/vc_column_text][\/vc_column][\/vc_row][vc_row full_width=&#8220;stretch_row&#8220;][vc_column][\/vc_column][\/vc_row]<\/p>\n","protected":false},"author":3,"featured_media":3478,"comment_status":"closed","ping_status":"closed","sticky":false,"template":"","format":"standard","meta":{"footnotes":""},"categories":[13,11,12,10,2],"tags":[],"class_list":["post-3472","post","type-post","status-publish","format-standard","has-post-thumbnail","hentry","category-design","category-illustration","category-news","category-portfolio","category-printmedia"],"_links":{"self":[{"href":"https:\/\/www.gizgraphics.ch\/index.php?rest_route=\/wp\/v2\/posts\/3472","targetHints":{"allow":["GET"]}}],"collection":[{"href":"https:\/\/www.gizgraphics.ch\/index.php?rest_route=\/wp\/v2\/posts"}],"about":[{"href":"https:\/\/www.gizgraphics.ch\/index.php?rest_route=\/wp\/v2\/types\/post"}],"author":[{"embeddable":true,"href":"https:\/\/www.gizgraphics.ch\/index.php?rest_route=\/wp\/v2\/users\/3"}],"replies":[{"embeddable":true,"href":"https:\/\/www.gizgraphics.ch\/index.php?rest_route=%2Fwp%2Fv2%2Fcomments&post=3472"}],"version-history":[{"count":3,"href":"https:\/\/www.gizgraphics.ch\/index.php?rest_route=\/wp\/v2\/posts\/3472\/revisions"}],"predecessor-version":[{"id":3477,"href":"https:\/\/www.gizgraphics.ch\/index.php?rest_route=\/wp\/v2\/posts\/3472\/revisions\/3477"}],"wp:featuredmedia":[{"embeddable":true,"href":"https:\/\/www.gizgraphics.ch\/index.php?rest_route=\/wp\/v2\/media\/3478"}],"wp:attachment":[{"href":"https:\/\/www.gizgraphics.ch\/index.php?rest_route=%2Fwp%2Fv2%2Fmedia&parent=3472"}],"wp:term":[{"taxonomy":"category","embeddable":true,"href":"https:\/\/www.gizgraphics.ch\/index.php?rest_route=%2Fwp%2Fv2%2Fcategories&post=3472"},{"taxonomy":"post_tag","embeddable":true,"href":"https:\/\/www.gizgraphics.ch\/index.php?rest_route=%2Fwp%2Fv2%2Ftags&post=3472"}],"curies":[{"name":"wp","href":"https:\/\/api.w.org\/{rel}","templated":true}]}}